{"id":8094,"date":"2024-06-17T12:33:18","date_gmt":"2024-06-17T11:33:18","guid":{"rendered":"https:\/\/www.emun.eus\/blog\/kalera-irten-aurretik-etxea-antolatu\/"},"modified":"2024-06-17T14:41:07","modified_gmt":"2024-06-17T13:41:07","slug":"kalera-irten-aurretik-etxea-antolatu","status":"publish","type":"post","link":"https:\/\/www.emun.eus\/en\/blog\/kalera-irten-aurretik-etxea-antolatu\/","title":{"rendered":"Organizarse internamente antes de salir a la calle"},"content":{"rendered":"<p>El deseo y la necesidad de profundizar en el \u00e1mbito de la participaci\u00f3n ciudadana est\u00e1 muy extendido en los ayuntamientos guipuzcoanos y aprovechando la constituci\u00f3n de nuevos equipos de gobierno municipales en 2023, la Diputaci\u00f3n Foral de Gipuzkoa ha ofrecido a los ayuntamientos del territorio una amplia oferta formativa para trabajar la participaci\u00f3n ciudadana y el desarrollo de la comunidad. En total se han impartido cursos en m\u00e1s de 25 ayuntamientos del territorio y para la que hemos colaborado diferentes asesor\u00edas del sector (Aztiker, Elhuyar, Prometea, Emun), el Grupo de Investigaci\u00f3n Parte hartuz de la Universidad del Pa\u00eds Vasco y la Direcci\u00f3n de Gobernanza e Innovaci\u00f3n Pol\u00edtico-Social de la Diputaci\u00f3n. La experiencia vivida en seis municipios de Gipuzkoa ha sido muy enriquecedora.<\/p>\n<p>En nuestro caso, hemos preparado e impartido el m\u00f3dulo <em><strong>\u00bfC\u00f3mo fomentar la participaci\u00f3n ciudadana desde el Ayuntamiento<\/strong><\/em>? en los municipios de Aretxabaleta, Deba, Elgoibar, Lazkao, Lezo y Zestoa.<\/p>\n<p>A pesar de que el curso ha sido com\u00fan para todos los ayuntamientos, el desarrollo y las din\u00e1micas han sido diferentes en cada localidad, reflejo de la situaci\u00f3n y realidad particulares de cada pueblo. De hecho, son numerosos los factores que influyen en el desarrollo de la participaci\u00f3n ciudadana.<\/p>\n<p>El curso ha tenido un car\u00e1cter m\u00e1s pr\u00e1ctico que te\u00f3rico y ha pretendido adaptarse a la situaci\u00f3n de cada municipio a trav\u00e9s del an\u00e1lisis cr\u00edtico de la trayectoria hist\u00f3rica de cada uno de ellos, por un lado, y de la identificaci\u00f3n de los trabajos y los cambios a realizar de cara al futuro. Hemos prestado especial atenci\u00f3n a esta \u00faltima parte.<\/p>\n<p>Al hablar sobe participaci\u00f3n ciudadana, nos vienen a la mente procesos participativos propiamente, pero limitarnos a ello no ser\u00eda lo m\u00e1s justo. Trabajar participativamente supone cambiar la mirada de la instituci\u00f3n y, principalmente, entender la organizaci\u00f3n municipal de otra manera. Por ello, antes de dirigirse a la ciudadan\u00eda, conviene trabajar esta mirada dentro del Ayuntamiento y realizar las adaptaciones necesarias. Identificar qu\u00e9 es lo que conviene arreglar internamente antes de salir a la calle. Teniendo en cuenta el mayor n\u00famero de voces posible, pero con una direcci\u00f3n clara y conjunta: dise\u00f1ar pol\u00edticas p\u00fablicas atendiendo a las aspiraciones y necesidades de la ciudadan\u00eda.<\/p>\n<p>Teniendo en cuenta los seis cursos, estas han sido las principales necesidades que hemos identificado para empezar a organizar la participaci\u00f3n ciudadana en un ayuntamiento:<\/p>\n<ol>\n<li style=\"list-style-type: none;\">\n<ol>\n<li><strong>Liderazgo pol\u00edtico claro:<\/strong> hace falta fijar un norte y eso tiene que venir de la mano de representantes pol\u00edticos. La definici\u00f3n de un suelo com\u00fan sobre participaci\u00f3n entre los distintos grupos beneficiar\u00e1 al municipio y, sobre todo, a la legitimidad de la participaci\u00f3n a ojos de la ciudadan\u00eda.<\/li>\n<li><strong>Adaptar la estructura y organizaci\u00f3n municipales.<\/strong> Las estructuras internas del Ayuntamiento suelen ser r\u00edgidas y dificultan la cooperaci\u00f3n interna. Es importante trabajar sinergias y la colaboraci\u00f3n interdepartamental para dar mensajes coherentes a la ciudadan\u00eda.<\/li>\n<li><strong>Ofrecer medios t\u00e9cnicos:<\/strong> la entidad necesita de la persona o espacio de referencia para canalizar su participaci\u00f3n y poder realizar su labor tractora.<\/li>\n<li><strong>Difundir el conocimiento y la formaci\u00f3n entre trabajadores y pol\u00edticos municipales.<\/strong> Trabajar s\u00f3lo la parte t\u00e9cnica no es suficiente. Es importante que las y los pol\u00edticos, t\u00e9cnicos y personal del resto de \u00e1reas se formen y est\u00e9n al d\u00eda en el tema.<\/li>\n<li><strong>La planificaci\u00f3n es imprescindible:<\/strong> la participaci\u00f3n no se improvisa. Hay que medir bien las fuerzas para prever los recursos adecuados. Pero entre todas y todos hay que cuidar especialmente el calendario para que las tareas internas del ayuntamiento no colapsen, por un lado, pero sobre todo, para que los procesos participativos simult\u00e1neos no sobrecarguen a la ciudadan\u00eda.<\/li>\n<\/ol>\n<\/li>\n<\/ol>\n<p>&nbsp;<\/p>\n<p>Si algo se ha valorado en el curso, ha sido que tanto la parte t\u00e9cnica como pol\u00edtica se haya tomado un tiempo para aprender y reflexionar de forma conjunta sobre el tema. De hecho, pocas veces suele existir la posibilidad de trabajar \u00a0de forma estrat\u00e9gica la participaci\u00f3n ciudadana.<\/p>\n<p>Si atendemos a las conclusiones extra\u00eddas en el seminario final que aglutin\u00f3 a todos los municipios participantes en los cursos, ha prevalecido sobre manera el deseo y la necesidad de profundizar en el tema en el futuro.<\/p>\n","protected":false},"excerpt":{"rendered":"<p>El deseo y la necesidad de profundizar en el \u00e1mbito de la participaci\u00f3n ciudadana est\u00e1 muy extendido en los ayuntamientos guipuzcoanos y aprovechando la constituci\u00f3n de nuevos equipos de gobierno municipales en 2023, la Diputaci\u00f3n Foral de Gipuzkoa ha ofrecido a los ayuntamientos del territorio una amplia oferta formativa para trabajar la participaci\u00f3n ciudadana y [&hellip;]<\/p>\n","protected":false},"author":2,"featured_media":8088,"comment_status":"open","ping_status":"open","sticky":false,"template":"","format":"standard","meta":{"_acf_changed":false,"footnotes":""},"categories":[2],"tags":[242,186,197],"acf":[],"_links":{"self":[{"href":"https:\/\/www.emun.eus\/en\/wp-json\/wp\/v2\/posts\/8094"}],"collection":[{"href":"https:\/\/www.emun.eus\/en\/wp-json\/wp\/v2\/posts"}],"about":[{"href":"https:\/\/www.emun.eus\/en\/wp-json\/wp\/v2\/types\/post"}],"author":[{"embeddable":true,"href":"https:\/\/www.emun.eus\/en\/wp-json\/wp\/v2\/users\/2"}],"replies":[{"embeddable":true,"href":"https:\/\/www.emun.eus\/en\/wp-json\/wp\/v2\/comments?post=8094"}],"version-history":[{"count":1,"href":"https:\/\/www.emun.eus\/en\/wp-json\/wp\/v2\/posts\/8094\/revisions"}],"predecessor-version":[{"id":8097,"href":"https:\/\/www.emun.eus\/en\/wp-json\/wp\/v2\/posts\/8094\/revisions\/8097"}],"wp:featuredmedia":[{"embeddable":true,"href":"https:\/\/www.emun.eus\/en\/wp-json\/wp\/v2\/media\/8088"}],"wp:attachment":[{"href":"https:\/\/www.emun.eus\/en\/wp-json\/wp\/v2\/media?parent=8094"}],"wp:term":[{"taxonomy":"category","embeddable":true,"href":"https:\/\/www.emun.eus\/en\/wp-json\/wp\/v2\/categories?post=8094"},{"taxonomy":"post_tag","embeddable":true,"href":"https:\/\/www.emun.eus\/en\/wp-json\/wp\/v2\/tags?post=8094"}],"curies":[{"name":"wp","href":"https:\/\/api.w.org\/{rel}","templated":true}]}}