{"id":9173,"date":"2026-04-27T09:24:52","date_gmt":"2026-04-27T08:24:52","guid":{"rendered":"https:\/\/www.emun.eus\/blog\/igone-bastarrika-salegi-sera-la-nueva-coordinadora-general-de-emun\/"},"modified":"2026-04-27T09:31:09","modified_gmt":"2026-04-27T08:31:09","slug":"igone-bastarrika-salegi-sera-la-nueva-coordinadora-general-de-emun","status":"publish","type":"post","link":"https:\/\/www.emun.eus\/en\/blog\/igone-bastarrika-salegi-sera-la-nueva-coordinadora-general-de-emun\/","title":{"rendered":"Igone Bastarrika Salegi ser\u00e1 la nueva coordinadora general de Emun"},"content":{"rendered":"<p><strong>Un renovado equipo de coordinaci\u00f3n tomar\u00e1 el relevo en la trayectoria que <a href=\"https:\/\/www.linkedin.com\/in\/amaia-balda-etxarte-251b396b\/\">Amaia Balda Etxarte<\/a> ha llevado a cabo como coordinadora general de Emun en los \u00faltimos cuatro a\u00f1os. <a href=\"https:\/\/www.linkedin.com\/in\/nerea-arrese-elortza-664b101a2\/\"><b>Nerea Arrese Elortza<\/b><\/a>, <a href=\"http:\/\/linkedin.com\/in\/onintza-irigoien-aizpitarte-64985a1a1\/\"><b>Onintza Irigoien Aizpitarte<\/b><\/a> y <a href=\"https:\/\/www.linkedin.com\/in\/oihana-jausoro-agirre-76b676123\/\"><b>Oihana Jausoro Agirre<\/b><\/a> formar\u00e1n el equipo y <a href=\"https:\/\/www.linkedin.com\/in\/igone-bastarrika-salegi-b457253b\/\"><b>Igone Bastarrika Salegi<\/b><\/a> (Azkoitia, 1979) ser\u00e1 la nueva coordinadora general.<\/strong><\/p>\n<p><img loading=\"lazy\" decoding=\"async\" class=\"size-medium wp-image-9145 alignleft\" src=\"https:\/\/www.emun.eus\/wp-content\/uploads\/2026\/04\/23042026-_L4A5993-300x200.jpg\" alt=\"\" width=\"300\" height=\"200\" srcset=\"https:\/\/www.emun.eus\/wp-content\/uploads\/2026\/04\/23042026-_L4A5993-300x200.jpg 300w, https:\/\/www.emun.eus\/wp-content\/uploads\/2026\/04\/23042026-_L4A5993-1024x683.jpg 1024w, https:\/\/www.emun.eus\/wp-content\/uploads\/2026\/04\/23042026-_L4A5993-768x512.jpg 768w, https:\/\/www.emun.eus\/wp-content\/uploads\/2026\/04\/23042026-_L4A5993-1536x1025.jpg 1536w, https:\/\/www.emun.eus\/wp-content\/uploads\/2026\/04\/23042026-_L4A5993.jpg 1874w\" sizes=\"(max-width: 300px) 100vw, 300px\" \/>Hace casi cinco a\u00f1os <a href=\"https:\/\/www.emun.eus\/es\/blog\/etorkizuneko-gidaritza-kolektiboa-izango-da-emunen\/\">anunci\u00e1bamos<\/a> que Emun iba a ser liderada colectivamente y el recorrido realizado nos ha demostrado que, a pesar de las dificultades, los beneficios de llevar a cabo el liderazgo de nuestra organizaci\u00f3n de forma colectiva son mayores a la hora de responder al prop\u00f3sito de Emun y a las necesidades de las y los clientes.<\/p>\n<p>&nbsp;<\/p>\n<p>&nbsp;<\/p>\n<p><strong>Aportaci\u00f3n de alto impacto<\/strong><\/p>\n<p>Somos muy conscientes de que con el servicio que ofrecemos en Emun somos capaces de generar un impacto positivo en la sociedad. Contribuimos a los diferentes retos en las que confluyen las necesidades de nuestros clientes, los diferentes retos sociales y el prop\u00f3sito de Emun, ofreciendo lo mejor de nosotras mismas y con el objetivo de conseguir el mayor impacto a trav\u00e9s de los proyectos que impulsamos.<\/p>\n<p><strong>Compromiso con la innovaci\u00f3n continua<\/strong><\/p>\n<p>En el actual contexto de continuo cambio social se est\u00e1n planteando diversos retos en el \u00e1mbito de la inteligencia artificial y la digitalizaci\u00f3n, en la captaci\u00f3n y gesti\u00f3n de las personas que son protagonistas en las empresas y organizaciones que acompa\u00f1amos, en la gesti\u00f3n de la diversidad de or\u00edgenes, culturas y lenguas o en el fortalecimiento de la corresponsabilidad que las empresas adoptan en materia de sostenibilidad. Todo ello nos exige explorar nuevas posibilidades y realizar apuestas que promuevan proyectos de transformaci\u00f3n en diferentes \u00e1mbitos, y para ello, trabajar las alianzas necesarias, desarrollar las correspondientes metodolog\u00edas y profundizar en una mirada sist\u00e9mica que nos permita buscar soluciones m\u00e1s completas a la complejidad de los problemas.<\/p>\n<p><strong>Un equipo para el futuro que aborde el relevo de las precursoras<\/strong><\/p>\n<p>Emun ha formado un equipo de trabajo comprometido que afronta los retos del futuro con valent\u00eda, desde la solidez que nos aportan a\u00f1os de conocimiento y experiencia, y con la responsabilidad y el entusiasmo que nos exigen los nuevos retos.<\/p>\n<p>Esta es la continuaci\u00f3n de un largo recorrido, ya que Amaia Balda Etxarte seguir\u00e1 activa en el equipo de Emun, acompa\u00f1ando a clientes y ofreciendo servicios en sus proyectos. Amaia ha sido parte de la generaci\u00f3n pionera que comenz\u00f3 a euskaldunizar el mundo laboral hace casi 30 a\u00f1os, una de las que puso el germen en la labor de crear el oficio de las y los t\u00e9cnicos de euskera. Quienes sembraron esas primeras semillas a este oficio, quienes aportaron forma y fondo a nuestro trabajo, han realizado generosamente una gran aportaci\u00f3n a la sociedad vasca y a la revitalizaci\u00f3n del euskera. En Emun sentimos un total agradecimiento por quienes nos han tra\u00eddo hasta aqu\u00ed y tenemos mucha ilusi\u00f3n por seguir el camino emprendido, colaborando con clientes y tejiendo nuevas alianzas.<\/p>\n<p><strong>En Emun solemos decir que creemos en lo que hacemos, y de esta manera, el equipo de trabajo que dar\u00e1 continuidad al liderazgo colectivo que venimos desarrollado en estos \u00faltimos a\u00f1os est\u00e1 preparado para iniciar esta nueva etapa. El equipo de coordinaci\u00f3n formado por Igone, Nerea, Onintza y Oihana seguir\u00e1 el camino emprendido, porque seguir aprendiendo juntas es nuestro motor, profundizando en la v\u00eda de una responsabilidad compartida, aprendiendo e incidiendo juntas.<\/strong><\/p>\n","protected":false},"excerpt":{"rendered":"<p>Un renovado equipo de coordinaci\u00f3n tomar\u00e1 el relevo en la trayectoria que Amaia Balda Etxarte ha llevado a cabo como coordinadora general de Emun en los \u00faltimos cuatro a\u00f1os. Nerea Arrese Elortza, Onintza Irigoien Aizpitarte y Oihana Jausoro Agirre formar\u00e1n el equipo y Igone Bastarrika Salegi (Azkoitia, 1979) ser\u00e1 la nueva coordinadora general. Hace casi [&hellip;]<\/p>\n","protected":false},"author":2,"featured_media":9146,"comment_status":"open","ping_status":"open","sticky":false,"template":"","format":"standard","meta":{"_acf_changed":false,"footnotes":""},"categories":[2],"tags":[186,175,119,197],"acf":[],"_links":{"self":[{"href":"https:\/\/www.emun.eus\/en\/wp-json\/wp\/v2\/posts\/9173"}],"collection":[{"href":"https:\/\/www.emun.eus\/en\/wp-json\/wp\/v2\/posts"}],"about":[{"href":"https:\/\/www.emun.eus\/en\/wp-json\/wp\/v2\/types\/post"}],"author":[{"embeddable":true,"href":"https:\/\/www.emun.eus\/en\/wp-json\/wp\/v2\/users\/2"}],"replies":[{"embeddable":true,"href":"https:\/\/www.emun.eus\/en\/wp-json\/wp\/v2\/comments?post=9173"}],"version-history":[{"count":1,"href":"https:\/\/www.emun.eus\/en\/wp-json\/wp\/v2\/posts\/9173\/revisions"}],"predecessor-version":[{"id":9175,"href":"https:\/\/www.emun.eus\/en\/wp-json\/wp\/v2\/posts\/9173\/revisions\/9175"}],"wp:featuredmedia":[{"embeddable":true,"href":"https:\/\/www.emun.eus\/en\/wp-json\/wp\/v2\/media\/9146"}],"wp:attachment":[{"href":"https:\/\/www.emun.eus\/en\/wp-json\/wp\/v2\/media?parent=9173"}],"wp:term":[{"taxonomy":"category","embeddable":true,"href":"https:\/\/www.emun.eus\/en\/wp-json\/wp\/v2\/categories?post=9173"},{"taxonomy":"post_tag","embeddable":true,"href":"https:\/\/www.emun.eus\/en\/wp-json\/wp\/v2\/tags?post=9173"}],"curies":[{"name":"wp","href":"https:\/\/api.w.org\/{rel}","templated":true}]}}