{"id":4942,"date":"2021-03-15T13:53:27","date_gmt":"2021-03-15T12:53:27","guid":{"rendered":"https:\/\/www.emun.eus\/blog\/gizarte-erantzukizuna-enpresatik-komunitaterako-bidegurutzeetan\/"},"modified":"2021-04-15T09:29:13","modified_gmt":"2021-04-15T08:29:13","slug":"gizarte-erantzukizuna-enpresatik-komunitaterako-bidegurutzeetan","status":"publish","type":"post","link":"https:\/\/www.emun.eus\/es\/blog\/gizarte-erantzukizuna-enpresatik-komunitaterako-bidegurutzeetan\/","title":{"rendered":"Las empresas ante los nuevos retos que el contexto internacional nos plantea"},"content":{"rendered":"<p>Las Naciones Unidas han definido los retos a nivel mundial a trav\u00e9s de la denominada <strong>Agenda 2030<\/strong>. \u00c9sta pretende ser un plan de acci\u00f3n social, econ\u00f3mico y medioambiental de caracter universal, integral y transformador, y para ello, adem\u00e1s de los Gobiernos y las Organizaciones para el Desarrollo, han planteado una serie de retos que apelan a la responsabilidad de las empresas.<\/p>\n<p>En lo que respecta a nuestras comunidades m\u00e1s cercanas, las administraciones tambi\u00e9n est\u00e1n intentado alinear los retos territoriales con los internacionales y se han creado herramientas y gu\u00edas para orientarlos hacia la acci\u00f3n, entre ellas la <a href=\"https:\/\/bideoak2.euskadi.eus\/2020\/11\/24\/news_65067\/GU%C3%8DA_PR%C3%81CTICA_PARA_ORGANIZACIONES_VASCAS.pdf\"><strong>\u00abGu\u00eda pr\u00e1ctica para las instituciones vascas\u00bb<\/strong><\/a>.<\/p>\n<p>Cuando elaboramos el Plan Estrat\u00e9gico 2021-2024 de EMUN, tambi\u00e9n estudiamos con atenci\u00f3n los referidos retos globales, tratando de entenderlos, traslad\u00e1ndolos a nuestro contexto y midiendo el alcance de nuestro impacto. Nuestro objetivo es reducir los impactos negativos que nuestra actividad pueda generar en el entorno y ante ello, <strong>generar impactos positivos<\/strong> a trav\u00e9s de nuestros servicios. Nos dedicamos a la innovaci\u00f3n social, porque queremos prorrogar lo m\u00e1ximo los recursos culturales, ling\u00fc\u00edsticos y naturales de nuestro entorno y la salud y la igualdad de oportunidades de las personas que habitan en \u00e9l.<\/p>\n<p>Muchas de las empresas que nos rodean tambi\u00e9n est\u00e1n trabajando en esa misma direcci\u00f3n y llevamos colaborando con ellas en estos \u00faltimos a\u00f1os. De hecho, para las cooperativas no resulta una cuesti\u00f3n nueva la idea de que la responsabilidad de las empresas no se limita a su propia actividad, puesto que desde su misma creaci\u00f3n nacen con el pr\u00f3posito de ser corresponsables con su entorno, contribuyendo a la transformaci\u00f3n del mismo.<\/p>\n<p>Adem\u00e1s, la Ley 11\/2018 establece nuevos requisitos para las medianas y grandes empresas, entre las que destaca la referida a la obligaci\u00f3n que establece a las empresas de m\u00e1s de 250 trabajadores a hacer p\u00fablica al cierre del ejercicio la informaci\u00f3n no financiera y de diversidad.<\/p>\n<p>En el mercado es cada vez m\u00e1s frecuente que <strong>las pol\u00edticas de sostenibilidad se proyecten ligadas a la competitividad<\/strong>, sobre todo en aquellos sectores que operan en pa\u00edses muy implicados en esta materia y que lo est\u00e1n fijando como un requisito imprescindible en la relaci\u00f3n cliente-proveedor.<\/p>\n<p>Bas\u00e1ndonos en nuestra propia experiencia empresarial y la forma en la que comprendemos el proyecto de EMUN y en respuesta a las demandas de nuestros clientes, <strong>hemos reafirmado nuestra apuesta por la responsabilidad social<\/strong> y estamos colaborando en esta materia, entre otros, con el Grupo Fagor e Irizar.<\/p>\n<p>Facilitamos procesos para que las empresas tomen conciencia de sus impactos y conozcan qu\u00e9 es lo que sus grupos de inter\u00e9s esperan de ellas. Ofrecemos servicios desde la fase de diagn\u00f3stico hasta el desarrollo de memorias e informes de rendici\u00f3n de cuentas. Para ello, estamos colaborando con asesor\u00edas con dilatada experiencia en el sector de la innovaci\u00f3n social a trav\u00e9s del Programa para promover el fortalecimiento competitivo del tejido empresarial guipuzkoano.<\/p>\n<p><strong>Creemos en la transformaci\u00f3n social y la aportaci\u00f3n que las empresas podemos hacer en esta direcci\u00f3n es muy importante.<br \/>\n<\/strong><\/p>\n","protected":false},"excerpt":{"rendered":"<p>Las Naciones Unidas han definido los retos a nivel mundial a trav\u00e9s de la denominada Agenda 2030. \u00c9sta pretende ser un plan de acci\u00f3n social, econ\u00f3mico y medioambiental de caracter universal, integral y transformador, y para ello, adem\u00e1s de los Gobiernos y las Organizaciones para el Desarrollo, han planteado una serie de retos que apelan [&hellip;]<\/p>\n","protected":false},"author":2,"featured_media":4883,"comment_status":"open","ping_status":"open","sticky":false,"template":"","format":"standard","meta":{"_acf_changed":false,"footnotes":""},"categories":[4],"tags":[234,298,299],"acf":[],"_links":{"self":[{"href":"https:\/\/www.emun.eus\/es\/wp-json\/wp\/v2\/posts\/4942"}],"collection":[{"href":"https:\/\/www.emun.eus\/es\/wp-json\/wp\/v2\/posts"}],"about":[{"href":"https:\/\/www.emun.eus\/es\/wp-json\/wp\/v2\/types\/post"}],"author":[{"embeddable":true,"href":"https:\/\/www.emun.eus\/es\/wp-json\/wp\/v2\/users\/2"}],"replies":[{"embeddable":true,"href":"https:\/\/www.emun.eus\/es\/wp-json\/wp\/v2\/comments?post=4942"}],"version-history":[{"count":3,"href":"https:\/\/www.emun.eus\/es\/wp-json\/wp\/v2\/posts\/4942\/revisions"}],"predecessor-version":[{"id":4947,"href":"https:\/\/www.emun.eus\/es\/wp-json\/wp\/v2\/posts\/4942\/revisions\/4947"}],"wp:featuredmedia":[{"embeddable":true,"href":"https:\/\/www.emun.eus\/es\/wp-json\/wp\/v2\/media\/4883"}],"wp:attachment":[{"href":"https:\/\/www.emun.eus\/es\/wp-json\/wp\/v2\/media?parent=4942"}],"wp:term":[{"taxonomy":"category","embeddable":true,"href":"https:\/\/www.emun.eus\/es\/wp-json\/wp\/v2\/categories?post=4942"},{"taxonomy":"post_tag","embeddable":true,"href":"https:\/\/www.emun.eus\/es\/wp-json\/wp\/v2\/tags?post=4942"}],"curies":[{"name":"wp","href":"https:\/\/api.w.org\/{rel}","templated":true}]}}