{"id":5001,"date":"2021-05-03T11:51:07","date_gmt":"2021-05-03T10:51:07","guid":{"rendered":"https:\/\/www.emun.eus\/blog\/zuk-noiz-nola-eta-norekin-kosortzen-duzu-egunerokoan\/"},"modified":"2021-05-03T12:32:36","modified_gmt":"2021-05-03T11:32:36","slug":"zuk-noiz-nola-eta-norekin-kosortzen-duzu-egunerokoan","status":"publish","type":"post","link":"https:\/\/www.emun.eus\/es\/blog\/zuk-noiz-nola-eta-norekin-kosortzen-duzu-egunerokoan\/","title":{"rendered":"\u00bfY t\u00fa, cu\u00e1ndo, c\u00f3mo y con qui\u00e9n cocreas en el d\u00eda a d\u00eda?"},"content":{"rendered":"<p>Hay cosas en la vida que hacemos sin saber que las hacemos o dicho de otra forma, sin conocer la denominaci\u00f3n que se le otorga. A modo de ejemplo, una persona puede tener pr\u00e1cticas feministas, sin considerarlas como tal o sin ni siquiera saber lo que es el feminismo o podr\u00edamos pensar en el modelo de vida de nuestras abuelas basado en la econom\u00eda circular, sin que ellas conozcan dicho concepto.<\/p>\n<p>En este sentido, <strong>podemos decir que EMUN ha llevado a cabo diferentes procesos de cocreaci\u00f3n<\/strong> durante todos estos a\u00f1os, sin utilizar dicha denominaci\u00f3n, pero con pleno sentido de lo que reivindica la misma.<\/p>\n<p>Al fin y al cabo, <strong>la cocreaci\u00f3n es crear algo entre varias personas. <\/strong>Es decir,<strong> es un proceso de innovaci\u00f3n en el que un grupo crea algo nuevo, donde la colaboraci\u00f3n es un eje fundamental<\/strong>. Adem\u00e1s de crear ideas totalmente nuevas, tiene la ambici\u00f3n de encontrar soluciones de alto nivel en un contexto determinado. Adem\u00e1s, tiene que ver con la innovaci\u00f3n abierta basada en la inteligencia colectiva y facilita el conocimiento externo e interno de forma creativa.<\/p>\n<p>En este momento, EMUN participa en varios proyectos de cocreaci\u00f3n en colaboraci\u00f3n con muchos otros agentes. Entre ellos, queremos destacar el proyecto de red abierta <strong><a href=\"https:\/\/debagoiena2030.eus\/es\/\">Debagoiena 2030<\/a><\/strong>. En el proceso de elaboraci\u00f3n de dicho proyecto colaboramos con la asociaci\u00f3n Txatxilipurdi, la Fundaci\u00f3n Gizabidea, ALC y Saiolan.<\/p>\n<p>La innovaci\u00f3n social tiene como objetivo responder a las necesidades sociales y para ello, experimentamos el desarrollo de nuevas colaboraciones y relaciones y la creatividad e implementaci\u00f3n de nuevas ideas. Al fin y al cabo, en este proyecto D2030, la relaci\u00f3n entre los diferentes agentes y la forma en la que lo hemos ido construyendo ha sido en s\u00ed mismo un proceso de cocreaci\u00f3n.<\/p>\n<p>En este proyecto colaboran el grupo de comunicaci\u00f3n <a href=\"http:\/\/www.goina.eus\/\">Goiena<\/a>, la asociaci\u00f3n <a href=\"https:\/\/www.guhaziakgara.com\/\">Gu Haziak Gara<\/a> y <a href=\"http:\/\/www.arizmendi.eus\/es\/\">Arizmendi<\/a> ikastola.<\/p>\n<p>El principal reto de <strong>Goiena<\/strong> es redefinir c\u00f3mo fomentar la colaboraci\u00f3n y la participaci\u00f3n con la comunidad que tiene en su base. En cuanto a <strong>Arizmendi<\/strong> Ikastola el reto gira en torno al proyecto Torrebaso en el espacio de Almen en Eskoriatza, donde estamos reinventando en una escala peque\u00f1a la transformaci\u00f3n que la sociedad tiene que hacer: la transformaci\u00f3n de los usos del comedor, la movilidad, la transici\u00f3n energ\u00e9tica en el centro escolar o la redefinici\u00f3n de los espacios exteriores. En el caso de <strong>Gu Haziak Gara<\/strong>, en cambio, el objetivo y el reto ser\u00eda reformar el modelo de gobernanza dentro de la propia asociaci\u00f3n.<\/p>\n<p>En estos tres proyectos <strong>nuestro rol es el acompa\u00f1amiento<\/strong>; es decir, ser compa\u00f1eras y compa\u00f1eros de viaje que realizan trabajos muy espec\u00edficos y muy diferentes. A veces dinamizando las sesiones de trabajo, otras veces participando en una reuni\u00f3n o gui\u00e1ndolo, realizando una entrevista grupal o realizando tareas de observaci\u00f3n, etc. En definitiva, <strong>nuestro trabajo consistir\u00eda en contribuir a la transformaci\u00f3n con diferentes trabajos, t\u00e9cnicas y actitudes.<\/strong><\/p>\n<p>Y es que, aunque existen t\u00e9cnicas espec\u00edficas para la cocreaci\u00f3n que requieren un conocimiento concreto, estamos convencidos de que se puede cocrear en diferentes \u00e1mbitos de la vida, porque tambi\u00e9n es una cuesti\u00f3n de actitud, tanto o m\u00e1s que contra con unos determinados conocimientos.<\/p>\n<p><strong>\u00bfY t\u00fa, cu\u00e1ndo, c\u00f3mo y con qui\u00e9n cocreas en el d\u00eda a d\u00eda?<\/strong><\/p>\n","protected":false},"excerpt":{"rendered":"<p>Hay cosas en la vida que hacemos sin saber que las hacemos o dicho de otra forma, sin conocer la denominaci\u00f3n que se le otorga. A modo de ejemplo, una persona puede tener pr\u00e1cticas feministas, sin considerarlas como tal o sin ni siquiera saber lo que es el feminismo o podr\u00edamos pensar en el modelo [&hellip;]<\/p>\n","protected":false},"author":2,"featured_media":4995,"comment_status":"open","ping_status":"open","sticky":false,"template":"","format":"standard","meta":{"_acf_changed":false,"footnotes":""},"categories":[4],"tags":[295,285,234,298,270,301],"acf":[],"_links":{"self":[{"href":"https:\/\/www.emun.eus\/es\/wp-json\/wp\/v2\/posts\/5001"}],"collection":[{"href":"https:\/\/www.emun.eus\/es\/wp-json\/wp\/v2\/posts"}],"about":[{"href":"https:\/\/www.emun.eus\/es\/wp-json\/wp\/v2\/types\/post"}],"author":[{"embeddable":true,"href":"https:\/\/www.emun.eus\/es\/wp-json\/wp\/v2\/users\/2"}],"replies":[{"embeddable":true,"href":"https:\/\/www.emun.eus\/es\/wp-json\/wp\/v2\/comments?post=5001"}],"version-history":[{"count":4,"href":"https:\/\/www.emun.eus\/es\/wp-json\/wp\/v2\/posts\/5001\/revisions"}],"predecessor-version":[{"id":5009,"href":"https:\/\/www.emun.eus\/es\/wp-json\/wp\/v2\/posts\/5001\/revisions\/5009"}],"wp:featuredmedia":[{"embeddable":true,"href":"https:\/\/www.emun.eus\/es\/wp-json\/wp\/v2\/media\/4995"}],"wp:attachment":[{"href":"https:\/\/www.emun.eus\/es\/wp-json\/wp\/v2\/media?parent=5001"}],"wp:term":[{"taxonomy":"category","embeddable":true,"href":"https:\/\/www.emun.eus\/es\/wp-json\/wp\/v2\/categories?post=5001"},{"taxonomy":"post_tag","embeddable":true,"href":"https:\/\/www.emun.eus\/es\/wp-json\/wp\/v2\/tags?post=5001"}],"curies":[{"name":"wp","href":"https:\/\/api.w.org\/{rel}","templated":true}]}}