{"id":5197,"date":"2021-06-22T15:42:12","date_gmt":"2021-06-22T14:42:12","guid":{"rendered":"https:\/\/www.emun.eus\/blog\/mimukai-tokiko-garapenerako-proiektu-komunitarioa\/"},"modified":"2021-06-22T16:21:28","modified_gmt":"2021-06-22T15:21:28","slug":"mimukai-tokiko-garapenerako-proiektu-komunitarioa","status":"publish","type":"post","link":"https:\/\/www.emun.eus\/es\/blog\/mimukai-tokiko-garapenerako-proiektu-komunitarioa\/","title":{"rendered":"MIMUKAI, proyecto comunitario para el desarrollo local\u00a0\u00a0\u00a0\u00a0\u00a0\u00a0\u00a0\u00a0\u00a0\u00a0\u00a0\u00a0\u00a0\u00a0\u00a0\u00a0\u00a0\u00a0\u00a0\u00a0\u00a0\u00a0\u00a0\u00a0\u00a0\u00a0\u00a0\u00a0\u00a0\u00a0\u00a0\u00a0\u00a0\u00a0\u00a0\u00a0\u00a0\u00a0\u00a0\u00a0\u00a0\u00a0\u00a0\u00a0\u00a0\u00a0\u00a0\u00a0\u00a0\u00a0\u00a0"},"content":{"rendered":"<p><strong>MIMUKAI<\/strong> es un proyecto comunitario de colaboraci\u00f3n y desarrollo local en Larraun-Leitzaldea, para dar soluciones colectivas a las barreras individuales.<\/p>\n<p>Situado en Navarra, comprende 11 municipios de Larraun y Leitzalde (Araiz, Arano, Areso, Atez, Basaburua, Betelu, Goizueta, Imoz, Larraun, Leitza y Lekunberri) y nace del impulso p\u00fablico de la asociaci\u00f3n Cederna-Garalur para impulsar la econom\u00eda de la comarca y fomentar la colaboraci\u00f3n. <em>Mimukai<\/em> es un t\u00e9rmino local que s refiere al primer reto\u00f1o del \u00e1rbol que se inserta y eso es lo que pretende este proyecto para el desarrollo de la comarca de Larraun-Leitzaldea.<\/p>\n<p><strong>El sector primario,<\/strong> en general, presenta serias dificultades para sobrevivir, incluso en esta comarca de Mendialdea. Teniendo en cuenta el imprescindible papel que el sector primario desempe\u00f1a en el desarrollo sostenible, la biodiversidad, el cuidado del paisaje, la alimentaci\u00f3n de calidad, en los \u00faltimos a\u00f1os se han llevado a cabo diversas iniciativas para revertir esta situaci\u00f3n.<\/p>\n<p><strong>La industria<\/strong>, por su parte, es el principal agente econ\u00f3mico de la comarca. En Leitza la empresa m\u00e1s grande es <em>Torras Papel<\/em> y en los pol\u00edgonos industriales de Lekunberri hay varias empresas industriales y de servicios. Sin embargo, en Larraun-Leitzaldea no existe una estructura empresarial s\u00f3lida ni un tejido empresarial y asociativo.<\/p>\n<p>En respuesta a ello, el Ayuntamiento de Leitza ha puesto en marcha en este 2021 la creaci\u00f3n de un centro de desarrollo y transformaci\u00f3n (MIMUKAI) que pretende convertir las necesidades en oportunidades y que tendr\u00e1 un impulso p\u00fablico y colectivo. Para ello, como primer paso, representantes del Ayuntamiento de Leitza, t\u00e9cnicos de Cederna-Garalur y el grupo de trabajo de EMUN dise\u00f1amos, comunicamos e iniciamos <strong>un proceso participativo.<\/strong><\/p>\n<p><strong>Objetivos y caracter\u00edsticas del proceso<\/strong><\/p>\n<ol>\n<li>Definir la misi\u00f3n y las secciones del centro MIMUKAI<\/li>\n<li>Socializaci\u00f3n del propio proyecto<\/li>\n<li>Empezar a tejer redes de contacto<\/li>\n<\/ol>\n<p>En el proceso han participado representantes de los 11 Ayuntamientos que conforman la comarca, vecinas y vecinos de todas las localidades y agentes de todos los sectores.<\/p>\n<p>En total han sido<strong> 8 sesiones<\/strong>. Se trata de un proceso comarcal, que se ha desarrollado en varias localidades de la comarca: Leitza, Lekunberri, Jauntsarats y Goizueta. La participaci\u00f3n ha sido variada y junto a los agentes de diferentes sectores que han participado y representantes municipales y t\u00e9cnicos se ha reunido gente diversa del tejido ciudadano: peque\u00f1as y peque\u00f1os productores, miembros de casas rurales, comerciantes, emprendedoras, hosteleras y hosteleros, aut\u00f3nomos&#8230; En total han participado en las sesiones alrededor de 230 personas.<\/p>\n<p><strong>\u00c1reas y temas de trabajo:<\/strong><\/p>\n<p>El proceso de participaci\u00f3n se ha dividido en tres \u00e1mbitos de trabajo:<\/p>\n<ul>\n<li>Espacio Taller Comunitario<\/li>\n<li>Espacio de empleo, emprendimiento y energ\u00eda<\/li>\n<li>Participaci\u00f3n y gobernanza municipal<\/li>\n<\/ul>\n<p>Asimismo, se han analizado diversos temas: elementos del sistema alimentario, sistemas de distribuci\u00f3n, an\u00e1lisis del tiempo de los procesos, los requisitos sanitarios y legales a tener en cuenta para la transformaci\u00f3n y venta de alimentos, la forma de trabajar de los <em>coworking<\/em> y puntos de colaboraci\u00f3n, la naturaleza jur\u00eddica y el modelo de gobernanza a estructurar para la puesta en marcha del proyecto MIMUKAI, etc.<\/p>\n<p>Se ha definido que los Centros de Desarrollo y Transformaci\u00f3n de MIMUKAI sean los siguientes:<\/p>\n<ul>\n<li><strong>Oficinas<\/strong>: espacio de <em>coworking<\/em>, oficinas para peque\u00f1as empresas, oficinas de agentes de desarrollo, sala de formaci\u00f3n, salas de reuniones e info-energ\u00eda.<\/li>\n<li><strong>Obrador<\/strong>: se dispondr\u00e1 de una infraestructura p\u00fablica para la transformaci\u00f3n, empaquetado y conservaci\u00f3n legal de los productos aut\u00f3ctonos. Se trabajar\u00e1 la comercializaci\u00f3n de productos locales, aportando un valor a\u00f1adido a los productos locales.<\/li>\n<\/ul>\n<p>Adem\u00e1s, se han extra\u00eddo diversas ideas durante el proceso en torno a las posibilidades que ofrece el proyecto:<\/p>\n<ul>\n<li>Cambiar h\u00e1bitos de consumo.<\/li>\n<li>Conocer y poner en valor lo local.<\/li>\n<li>Facilitar el acceso de la juventud a la agricultura.<\/li>\n<li>Facilitar a productorasy productores la transformaci\u00f3n de sus productos y la apertura de canales de venta directa.<\/li>\n<li>Mejorar colectivamente los procesos de transformaci\u00f3n y comercializaci\u00f3n.<\/li>\n<li>Crear sinergias en la zona de <em>coworking<\/em>.<\/li>\n<li>Crear nuevos modelos de consumo.<\/li>\n<li>Ofrecer apoyo, marca y compromiso a las nuevas iniciativas.<\/li>\n<li>Fomentar la colaboraci\u00f3n entre los diferentes agentes.<\/li>\n<li>Ofrecer sinergias ante la dispersi\u00f3n entre pueblos peque\u00f1os.<\/li>\n<li>Crear un nuevo modelo de comedor junto con otros centros educativos de la zona<\/li>\n<li>\u2026<\/li>\n<li><\/li>\n<\/ul>\n<p>En definitiva, se trata de <strong>un punto de encuentro entre las entidades p\u00fablicas locales de la comarca, empresas, comerciantes, productores, agentes de desarrollo y todos los agentes imprescindibles para impulsar la econom\u00eda local<\/strong>, con el fin de contribuir a la puesta en marcha de nuevos proyectos, impulsar la colaboraci\u00f3n y tender puentes.<\/p>\n","protected":false},"excerpt":{"rendered":"<p>MIMUKAI es un proyecto comunitario de colaboraci\u00f3n y desarrollo local en Larraun-Leitzaldea, para dar soluciones colectivas a las barreras individuales. Situado en Navarra, comprende 11 municipios de Larraun y Leitzalde (Araiz, Arano, Areso, Atez, Basaburua, Betelu, Goizueta, Imoz, Larraun, Leitza y Lekunberri) y nace del impulso p\u00fablico de la asociaci\u00f3n Cederna-Garalur para impulsar la econom\u00eda [&hellip;]<\/p>\n","protected":false},"author":2,"featured_media":5062,"comment_status":"open","ping_status":"open","sticky":false,"template":"","format":"standard","meta":{"_acf_changed":false,"footnotes":""},"categories":[4],"tags":[294,295,299],"acf":[],"_links":{"self":[{"href":"https:\/\/www.emun.eus\/es\/wp-json\/wp\/v2\/posts\/5197"}],"collection":[{"href":"https:\/\/www.emun.eus\/es\/wp-json\/wp\/v2\/posts"}],"about":[{"href":"https:\/\/www.emun.eus\/es\/wp-json\/wp\/v2\/types\/post"}],"author":[{"embeddable":true,"href":"https:\/\/www.emun.eus\/es\/wp-json\/wp\/v2\/users\/2"}],"replies":[{"embeddable":true,"href":"https:\/\/www.emun.eus\/es\/wp-json\/wp\/v2\/comments?post=5197"}],"version-history":[{"count":4,"href":"https:\/\/www.emun.eus\/es\/wp-json\/wp\/v2\/posts\/5197\/revisions"}],"predecessor-version":[{"id":5208,"href":"https:\/\/www.emun.eus\/es\/wp-json\/wp\/v2\/posts\/5197\/revisions\/5208"}],"wp:featuredmedia":[{"embeddable":true,"href":"https:\/\/www.emun.eus\/es\/wp-json\/wp\/v2\/media\/5062"}],"wp:attachment":[{"href":"https:\/\/www.emun.eus\/es\/wp-json\/wp\/v2\/media?parent=5197"}],"wp:term":[{"taxonomy":"category","embeddable":true,"href":"https:\/\/www.emun.eus\/es\/wp-json\/wp\/v2\/categories?post=5197"},{"taxonomy":"post_tag","embeddable":true,"href":"https:\/\/www.emun.eus\/es\/wp-json\/wp\/v2\/tags?post=5197"}],"curies":[{"name":"wp","href":"https:\/\/api.w.org\/{rel}","templated":true}]}}