{"id":5266,"date":"2021-09-15T12:33:47","date_gmt":"2021-09-15T11:33:47","guid":{"rendered":"https:\/\/www.emun.eus\/?p=5266"},"modified":"2021-09-16T06:22:53","modified_gmt":"2021-09-16T05:22:53","slug":"la-esencia-de-la-transformacion-es-su-contexto","status":"publish","type":"post","link":"https:\/\/www.emun.eus\/es\/blog\/la-esencia-de-la-transformacion-es-su-contexto\/","title":{"rendered":"La esencia de la transformaci\u00f3n es su contexto"},"content":{"rendered":"<p>Un equipo experimental de EMUN venimos trabajando con el objetivo de comprender <strong>los cimientos que basan cualquier proceso de transformaci\u00f3n<\/strong>. <strong>Reflexionar y experimentar, debatir y proponer.<\/strong> En los \u00faltimos a\u00f1os hemos querido aunar las experiencias, intuiciones y teor\u00edas que se est\u00e1n acumulando en nuestra cooperativa en torno a la transformaci\u00f3n para identificar la esencia o el fondo de estos procesos de transformaci\u00f3n.<\/p>\n<p>De hecho, la intuici\u00f3n nos dec\u00eda que los proyectos, servicios y planes que hemos impulsado durante todos estos a\u00f1os eran ya de por s\u00ed espacios de transformaci\u00f3n. Es decir, que llevamos realizando procesos de transformaci\u00f3n desde el inicio, en ocasiones sin ser del todo conscientes de ello.<\/p>\n<p>A trav\u00e9s de este trabajo hemos llegado a profundizar en el concepto de transformaci\u00f3n, tratando de establecer de una manera sencilla los v\u00ednculos y las rupturas existentes con el trabajo que realizamos a diario.<\/p>\n<p>No obstante, este es un trabajo que no ha culminado y que es provisional. Un trabajo que ha querido fijar un principio y no un final cerrado o definitorio. En la medida en que sigamos trabajando en EMUN, esta reflexi\u00f3n, junto con las formas de transformaci\u00f3n se ir\u00e1n enriqueciendo: aprender, desaprender, experimentar, cambiar&#8230; lo que seguir\u00e1 transformando inevitablemente (valga la redundancia) nuestras sospechas, intuiciones y afirmaciones que sobre la transformaci\u00f3n ten\u00edamos en un principio.<\/p>\n<p>Hasta ahora, hemos analizado qu\u00e9 es la transformaci\u00f3n, cu\u00e1les son los tipos de transformaci\u00f3n, los niveles, las formas de impacto, las formas y metodolog\u00edas para llevarla a cabo, los \u00e1mbitos de influencia, los roles que tendremos que jugar como colectivo de EMUN o las claves para hacer que la transformaci\u00f3n sea exitosa. En este sentido, nos hemos dado cuenta de que <strong>en las transformaciones influye tanto el contexto como la forma y la metodolog\u00eda<\/strong>. Y, por tanto, cada transformaci\u00f3n se diferencia por su contexto. Es decir, que conocer el contexto y seleccionar y ajustar las estrategias, las acciones y las metodolog\u00edas adecuadas en funci\u00f3n de ese contexto son de gran importancia.<\/p>\n<p>Por todo ello, tenemos que seguir profundizando en el conocimiento de los cimientos que conforman la transformaci\u00f3n, puesto que se trata de procesos inacabados, procesos que se adaptan y cambian continuamente. En definitiva y <strong>en la medida en que se transforma el contexto, surgir\u00e1n nuevos contextos ante los que tendremos que adecuar las estrategias y las acciones pensadas hasta el momento.<\/strong><\/p>\n<p>Sigamos en ello. <strong>Reflexionar y experimentar, debatir y proponer.<\/strong><\/p>\n<p>&nbsp;<\/p>\n<p>&nbsp;<\/p>\n<p><img loading=\"lazy\" decoding=\"async\" class=\"alignnone wp-image-5253\" src=\"https:\/\/www.emun.eus\/wp-content\/uploads\/2021\/09\/Eraldaketa-muinak_irudia-emun-2-300x208.png\" alt=\"\" width=\"858\" height=\"595\" srcset=\"https:\/\/www.emun.eus\/wp-content\/uploads\/2021\/09\/Eraldaketa-muinak_irudia-emun-2-300x208.png 300w, https:\/\/www.emun.eus\/wp-content\/uploads\/2021\/09\/Eraldaketa-muinak_irudia-emun-2-1024x709.png 1024w, https:\/\/www.emun.eus\/wp-content\/uploads\/2021\/09\/Eraldaketa-muinak_irudia-emun-2-768x532.png 768w, https:\/\/www.emun.eus\/wp-content\/uploads\/2021\/09\/Eraldaketa-muinak_irudia-emun-2.png 1040w\" sizes=\"(max-width: 858px) 100vw, 858px\" \/><\/p>\n","protected":false},"excerpt":{"rendered":"<p>Un equipo experimental de EMUN venimos trabajando con el objetivo de comprender los cimientos que basan cualquier proceso de transformaci\u00f3n. Reflexionar y experimentar, debatir y proponer. En los \u00faltimos a\u00f1os hemos querido aunar las experiencias, intuiciones y teor\u00edas que se est\u00e1n acumulando en nuestra cooperativa en torno a la transformaci\u00f3n para identificar la esencia o [&hellip;]<\/p>\n","protected":false},"author":2,"featured_media":5263,"comment_status":"open","ping_status":"open","sticky":false,"template":"","format":"standard","meta":{"_acf_changed":false,"footnotes":""},"categories":[4],"tags":[295,234,298,270],"acf":[],"_links":{"self":[{"href":"https:\/\/www.emun.eus\/es\/wp-json\/wp\/v2\/posts\/5266"}],"collection":[{"href":"https:\/\/www.emun.eus\/es\/wp-json\/wp\/v2\/posts"}],"about":[{"href":"https:\/\/www.emun.eus\/es\/wp-json\/wp\/v2\/types\/post"}],"author":[{"embeddable":true,"href":"https:\/\/www.emun.eus\/es\/wp-json\/wp\/v2\/users\/2"}],"replies":[{"embeddable":true,"href":"https:\/\/www.emun.eus\/es\/wp-json\/wp\/v2\/comments?post=5266"}],"version-history":[{"count":7,"href":"https:\/\/www.emun.eus\/es\/wp-json\/wp\/v2\/posts\/5266\/revisions"}],"predecessor-version":[{"id":5289,"href":"https:\/\/www.emun.eus\/es\/wp-json\/wp\/v2\/posts\/5266\/revisions\/5289"}],"wp:featuredmedia":[{"embeddable":true,"href":"https:\/\/www.emun.eus\/es\/wp-json\/wp\/v2\/media\/5263"}],"wp:attachment":[{"href":"https:\/\/www.emun.eus\/es\/wp-json\/wp\/v2\/media?parent=5266"}],"wp:term":[{"taxonomy":"category","embeddable":true,"href":"https:\/\/www.emun.eus\/es\/wp-json\/wp\/v2\/categories?post=5266"},{"taxonomy":"post_tag","embeddable":true,"href":"https:\/\/www.emun.eus\/es\/wp-json\/wp\/v2\/tags?post=5266"}],"curies":[{"name":"wp","href":"https:\/\/api.w.org\/{rel}","templated":true}]}}