{"id":5390,"date":"2021-11-22T08:00:18","date_gmt":"2021-11-22T07:00:18","guid":{"rendered":"https:\/\/www.emun.eus\/blog\/etorkizuneko-gidaritza-kolektiboa-izango-da-emunen\/"},"modified":"2021-11-19T13:55:39","modified_gmt":"2021-11-19T12:55:39","slug":"etorkizuneko-gidaritza-kolektiboa-izango-da-emunen","status":"publish","type":"post","link":"https:\/\/www.emun.eus\/es\/blog\/etorkizuneko-gidaritza-kolektiboa-izango-da-emunen\/","title":{"rendered":"El liderazgo futuro de Emun ser\u00e1 colectivo"},"content":{"rendered":"<h2>Desde el pasado a\u00f1o estamos realizando nuevas pruebas para dise\u00f1ar una organizaci\u00f3n y una cultura que refuercen la idea de centralidad de nuestra clientela. En adelante, <a href=\"https:\/\/www.emun.eus\/taldea\/olatz-olaso-garitano\/\">Olatz Olaso Garitano<\/a> dejar\u00e1 de ser Directora General y un Grupo de Coordinaci\u00f3n velar\u00e1 por el enfoque estrat\u00e9gico.<\/h2>\n<p>En adelante, <a href=\"https:\/\/www.emun.eus\/taldea\/amaia-balda-etxarte\/\">Amaia Balda Etxarte<\/a>, <a href=\"https:\/\/www.emun.eus\/taldea\/olatz-dorronsoro-calleja\/\">Olatz Dorronsoro Calleja<\/a> y <a href=\"https:\/\/www.emun.eus\/taldea\/nerea-arrese-elortza\/\">Nerea Arrese Elortza<\/a> ser\u00e1n las encargadas de coordinar la cooperativa Emun. Olatz Olaso deja el cargo contribuyendo al proceso de transformaci\u00f3n interna en la que ha estado inmersa la cooperativa durante estos \u00faltimos meses. Su cese llega tras seis a\u00f1os como Directora General, tras promover la experimentaci\u00f3n de otros modelos organizativos en el seno de Emun. Cabe destacar el camino recorrido por Olatz hasta el momento. Su estilo de trabajo, basado en la confianza y la colaboraci\u00f3n, ha calado muy hondo en Emun. Olatz ha trabajado con temple y cautela, llevando el cuidado mutuo al centro y ofreciendo siempre oportunidades a todas aquellas personas que conformamos Emun, posibilitando que cada cual ofrezca lo mejor de s\u00ed mismo\/a. Adem\u00e1s de mirar a los retos a los que nos enfrentamos en el presente, tambi\u00e9n ha sabido mirar hacia futuros escenarios y conseguir que el resto fije su mirada en ese mismo sentido. En adelante Olatz seguir\u00e1 trabajando como consultora junto con nuestra clientela, especialmente en el \u00e1mbito de la investigaci\u00f3n.<\/p>\n<h4>Nuestra clientela en el centro<\/h4>\n<p>Ayudamos a nuestra clientela en la gesti\u00f3n de los temas sociales. Realizamos esta labor desde la comprensi\u00f3n de cada cliente\/a, de una forma presencial y para responder de forma colaborativa a los retos sociales. Tambi\u00e9n iniciamos la actualizaci\u00f3n de nuestra organizaci\u00f3n con la ambici\u00f3n de colaborar y ayudarles en aquello que necesiten.<\/p>\n<p>Nos organizaremos en grupos para observar al cliente o a la clienta con una visi\u00f3n lo m\u00e1s completa posible y trabajaremos en equipo para ofrecer respuestas innovadoras y sacar lo mejor de cada uno\/una de nosotros\/as.<\/p>\n<h4>Empoderamiento del colectivo de Emun<\/h4>\n<p>Nuestra actividad se basa en el trabajo que las personas hacemos junto con otras personas y desde esa conciencia hemos trabajado durante todos estos a\u00f1os en el empoderamiento de los miembros de Emun. Por todo ello, tenemos la oportunidad de profundizar en el camino iniciado y para ello, hemos encontrado formas m\u00e1s horizontales de organizarnos.<\/p>\n<p>Para favorecer formas de trabajo m\u00e1s horizontales, la Directora General, Olatz Olaso, junto con todo el equipo directivo actual, ceder\u00e1 su espacio para redistribuir las tareas desempe\u00f1adas hasta ahora de otra manera, en favor de un liderazgo compartido. En este sentido, el nuevo Grupo de Coordinaci\u00f3n organizar\u00e1 su trabajo, entendiendo que, m\u00e1s all\u00e1 de ocupar el lugar que le hab\u00eda dejado la anterior direcci\u00f3n, viene a coordinar de otra manera un modelo de organizaci\u00f3n diferente.<\/p>\n<p>Trabajar en grupo nos permitir\u00e1 profundizar en la autogesti\u00f3n y en el reparto de funciones. En ese sentido, actuaremos para ser personas m\u00e1s completas en el equilibrio de corresponsabilidad y autonom\u00eda.<\/p>\n<h4>La transformaci\u00f3n, de dentro a fuera<\/h4>\n<p>Creemos en lo que hacemos. En el Plan Estrat\u00e9gico que el a\u00f1o pasado elaboramos en Emun reiteramos que a trav\u00e9s de la transformaci\u00f3n social queremos ser agentes y compa\u00f1eros\/as de viaje para conseguir una sociedad euskaldun, justa y sostenible. En ese sentido, creemos que el camino m\u00e1s productivo para alcanzar esta transformaci\u00f3n tiene que nacer desde nuestro interior. Nos transformamos dentro para actuar fuera. As\u00ed lo hemos venido haciendo en los \u00faltimos 25 a\u00f1os gracias a la vocaci\u00f3n de colaborar en la gesti\u00f3n de los temas sociales. Y seguimos en ese camino, actuando desde lo que somos; en la transformaci\u00f3n.<\/p>\n","protected":false},"excerpt":{"rendered":"<p>Desde el pasado a\u00f1o estamos realizando nuevas pruebas para dise\u00f1ar una organizaci\u00f3n y una cultura que refuercen la idea de centralidad de nuestra clientela. En adelante, Olatz Olaso Garitano dejar\u00e1 de ser Directora General y un Grupo de Coordinaci\u00f3n velar\u00e1 por el enfoque estrat\u00e9gico. En adelante, Amaia Balda Etxarte, Olatz Dorronsoro Calleja y Nerea Arrese [&hellip;]<\/p>\n","protected":false},"author":2,"featured_media":2523,"comment_status":"open","ping_status":"open","sticky":false,"template":"","format":"standard","meta":{"_acf_changed":false,"footnotes":""},"categories":[4],"tags":[234,298,299],"acf":[],"_links":{"self":[{"href":"https:\/\/www.emun.eus\/es\/wp-json\/wp\/v2\/posts\/5390"}],"collection":[{"href":"https:\/\/www.emun.eus\/es\/wp-json\/wp\/v2\/posts"}],"about":[{"href":"https:\/\/www.emun.eus\/es\/wp-json\/wp\/v2\/types\/post"}],"author":[{"embeddable":true,"href":"https:\/\/www.emun.eus\/es\/wp-json\/wp\/v2\/users\/2"}],"replies":[{"embeddable":true,"href":"https:\/\/www.emun.eus\/es\/wp-json\/wp\/v2\/comments?post=5390"}],"version-history":[{"count":6,"href":"https:\/\/www.emun.eus\/es\/wp-json\/wp\/v2\/posts\/5390\/revisions"}],"predecessor-version":[{"id":5412,"href":"https:\/\/www.emun.eus\/es\/wp-json\/wp\/v2\/posts\/5390\/revisions\/5412"}],"wp:featuredmedia":[{"embeddable":true,"href":"https:\/\/www.emun.eus\/es\/wp-json\/wp\/v2\/media\/2523"}],"wp:attachment":[{"href":"https:\/\/www.emun.eus\/es\/wp-json\/wp\/v2\/media?parent=5390"}],"wp:term":[{"taxonomy":"category","embeddable":true,"href":"https:\/\/www.emun.eus\/es\/wp-json\/wp\/v2\/categories?post=5390"},{"taxonomy":"post_tag","embeddable":true,"href":"https:\/\/www.emun.eus\/es\/wp-json\/wp\/v2\/tags?post=5390"}],"curies":[{"name":"wp","href":"https:\/\/api.w.org\/{rel}","templated":true}]}}