{"id":5775,"date":"2022-07-29T11:28:22","date_gmt":"2022-07-29T10:28:22","guid":{"rendered":"https:\/\/www.emun.eus\/blog\/5738\/"},"modified":"2022-09-05T11:41:52","modified_gmt":"2022-09-05T10:41:52","slug":"5738","status":"publish","type":"post","link":"https:\/\/www.emun.eus\/es\/blog\/5738\/","title":{"rendered":"La gobernanza de la colaboraci\u00f3n, \u00bfqu\u00e9 est\u00e1 pasando?"},"content":{"rendered":"<p>#ZalantzariLeihoBat (#UnaVentanaALaDuda) es el lema elegido para las jornadas \u00a0#EraldaketanGara, dentro del 25\u00aa aniversario que Emun celebra este 2022. En el marco de dichas jornadas, el pasado 16 de junio organizamos la segunda conferencia online denominada <a href=\"https:\/\/www.youtube.com\/watch?v=CaITAcv_hWI&amp;t=5199s\">\u201c<em>La gobernanza de la colaboraci\u00f3n<\/em>\u201d<\/a>, en el cual fueron ponentes y part\u00edcipes las investigadoras y expertas Quim Brugu\u00e9, Goizalde Atxutegi e Irati Mogoll\u00f3n y que abrieron una reflexi\u00f3n en torno a nuevas formas de actuar en com\u00fan en el mundo de la gobernanza colaborativa.<\/p>\n<p>&nbsp;<\/p>\n<p><strong>Mucha clientela, poca ciudadan\u00eda<\/strong><\/p>\n<p>En palabras de Quim Brugu\u00e9 <em>\u00abel paradigma de la democracia liberal nos ha querido hacer creer que no somos capaces de colaborar con las dem\u00e1s personas; \u00bfpara qu\u00e9 voy a perder el tiempo si nunca vamos a llegar a un consenso con personas que no son las m\u00edas? Y por ello, hemos ideado mecanismos de participaci\u00f3n individual para canalizar la voluntad ciudadana.<\/em><\/p>\n<p><em>La democracia deliberativa, por su parte, reconoce a las personas la capacidad de encontrarse, de escuchar y de hablar entre diferentes. No tenemos por qu\u00e9 estar de acuerdo en todo, pero podemos avanzar juntas a pesar de nuestras diferencias.<\/em><\/p>\n<p><em>Todo proceso de deliberaci\u00f3n tiene dos partes: hacer p\u00fablicos los argumentos y dar cabida a los de los dem\u00e1s. \u00bfPero qu\u00e9 es lo que sucede? Que estamos m\u00e1s acostumbrados a hablar que a escuchar. Y hemos entendido la participaci\u00f3n en demasiadas ocasiones como una mesa de reclamaciones. Por lo tanto, cultivar y alimentar la ciudadan\u00eda se ha convertido en una cuesti\u00f3n imprescindible\u00bb.<\/em><\/p>\n<p>&nbsp;<\/p>\n<p><strong>\u00bfQu\u00e9 se puede construir desde las trincheras?<\/strong><\/p>\n<p>Goizalde Atxutegi quiso aprovechar su experiencia para se\u00f1alar que <em>\u00aba menudo, llegan al trabajo conjunto por casualidad pero con un camino ya recorrido. Nuestra cultura pol\u00edtica ha hecho que la colaboraci\u00f3n se construya desde la trinchera, a un lado la administraci\u00f3n y las instituciones y al otro la ciudadan\u00eda\u00bb.<\/em><\/p>\n<p>En la trinchera institucional, subray\u00f3 <em>\u00abla decepci\u00f3n que en ocasiones ha sentido al no tener muy claro cu\u00e1l es el lugar de la instituci\u00f3n colaboradora, m\u00e1s all\u00e1 de la financiaci\u00f3n\u00bb.<\/em> Tambi\u00e9n hizo referencia <em>\u00abal miedo a equivocarse que existe y a no poder llevar adelante lo que se ha decidido en el proceso por diferentes motivos\u00bb<\/em>. A\u00f1adi\u00f3 que <em>\u00abtodo esto est\u00e1 muy ligado a los ciclos pol\u00edticos y que los marcos que hemos creado no son proporcionados a las administraciones; que se les quedan peque\u00f1os. As\u00ed, los tiempos de los ciclos pol\u00edticos no permiten a las instituciones hacer cosas con m\u00e1s calma\u00bb.<\/em><\/p>\n<p>En torno a la colaboraci\u00f3n, pregunt\u00f3 <em>\u00ab\u00bfA qui\u00e9n o qu\u00e9 buscamos en ese deseo de llegar a menudo al ciudadano m\u00e1s com\u00fan? Buscamos a un perfil ciudadano abstracto (que no est\u00e9 organizado, que no haya tenido costumbre de participar hasta ahora, que cuente con determinados atributos\u2026) y eso es una quimera, no existe. Por otro lado, hay otra parte de la ciudadan\u00eda que se implica, que se ha autoconstituido sobre temas concretos y que se dedica a ello. \u00bfNo sucede que muchas veces las administraciones en esa b\u00fasqueda del ciudadano ideal pasan por encima de aquellas que realmente son part\u00edcipes?\u00bb.<\/em><\/p>\n<p>En la trinchera ciudadana, sin embargo, a\u00f1ad\u00edo que <em>\u00abno por miedo, pero s\u00ed por prudencia: oponerse a tu fuente de ingresos es muy dif\u00edcil. Es bonito que las administraciones subvencionen las asociaciones y las iniciativas sociales, pero a la hora de colaborar, \u00bfno condiciona eso mismo la colaboraci\u00f3n? En el Pa\u00eds Vasco nos hemos instalado tanto en las trincheras, en nuestra propia conversaci\u00f3n, etc, que nos hemos acostumbrado a gritar. Tenemos que aprender a construir di\u00e1logos desde otros lugares. Y debemos desaprender algunas formas de hacer, de participar, de debatir\u00bb.<\/em><\/p>\n<p>La colaboraci\u00f3n es un proceso de trabajo y creaci\u00f3n conjunta. No es un simple juego de preguntas y respuestas, es de por s\u00ed un proceso de creaci\u00f3n.<\/p>\n<p>&nbsp;<\/p>\n<p><strong>\u00bfQu\u00e9 fichas componen el terreno de juego?<\/strong><\/p>\n<p>Irati Mogoll\u00f3n, desde la perspectiva del asesoramiento, hizo un repaso a las diferentes fichas que componen el tablero de este juego colaborativo y sus diferentes roles:<\/p>\n<ul>\n<li><strong>Sujeto pol\u00edtico:<\/strong><em> detr\u00e1s de muchos procesos suele haber agendas ocultas que el resto de participantes desconocen. Las y los asesores son quienes ponen el cuerpo en los procesos, pero encarnan las decisiones del sujeto pol\u00edtico y el malestar que \u00e9ste podr\u00eda generar. Aqu\u00ed deber\u00edamos hablar de la responsabilidad compartida y de ser corresponsables. Ante esto, deber\u00edamos hacer un ejercicio de sinceridad, determinar hasta d\u00f3nde puede llegar realmente el proceso, hacer un ejercicio de transparencia y se\u00f1alar con claridad cu\u00e1les son sus alcances y sus l\u00edmites.<\/em><\/li>\n<li><strong>Sujeto t\u00e9cnico:<\/strong><em> a la hora de realizar un proceso, \u00bfmapearemos las y los t\u00e9cnicos a los que queremos llegar? \u00bfCon qui\u00e9n queremos hacer el camino? Hay que tener en cuenta varias cosas: la o el t\u00e9cnico muchas veces se siente juzgada porque el salto al p\u00fablico supone un alto nivel de exposici\u00f3n y eso hay que cuidarlo, es necesaria una protecci\u00f3n.<\/em><\/li>\n<li><strong>Movimientos sociales:<\/strong><em> cuando se llevan a cabo procesos participativos, necesitamos a la ciudadan\u00eda. Y muchas veces, sea \u00e9sta organizada o no y por el mero hecho de decorar nuestra labor de captaci\u00f3n, vendemos demasiado y ello suscita pol\u00e9micas. La ciudadan\u00eda puede esperar un 10, pero si el resultado final es un 4.5, esto produce una decepci\u00f3n y el consiguiente da\u00f1o. \u00bfNo deber\u00edamos ir a los espacios de los movimientos sociales y ser nosotras mismas quienes acudimos a sus espacios naturales a realizar los procesos participativos? \u00bfC\u00f3mo vamos a construir nuevos modelos de gobernanza junto con ellas y ellos?<\/em><\/li>\n<\/ul>\n<p>A este respecto, a\u00f1adi\u00f3 la siguiente reflexi\u00f3n: <em>\u00abHay que ofrecer mimo a los procesos de construcci\u00f3n. Esto requiere recursos econ\u00f3micos y tiempo. Quiz\u00e1s un proceso basado en la gobernanza colaborativa no puede ser inferior a tres a\u00f1os. Los procesos deben ser sostenibles, tanto para las personas que los desarrollan (personal t\u00e9cnico, etc.) como para las personas que participan en los procesos. Deber\u00edamos asumir el concepto de sostenibilidad. Porque la gobernanza es dar peque\u00f1os pasos y avanzar en ello\u00bb.<\/em><\/p>\n<p>&nbsp;<\/p>\n<p><strong>Avanzar es el camino<\/strong><\/p>\n<p>En este intercambio de opiniones concluyeron con una breve reflexi\u00f3n de cara al futuro: <em>\u00aben demasiadas ocasiones nos hemos acostumbrado a los esquemas del todo o nada, y eso no es justo. Un determinado resultado no tiene por qu\u00e9 invalidar todo el proceso. La gobernanza colaborativa es un ejercicio de gobierno. Y el gobierno es el ejercicio del poder. Por eso, el di\u00e1logo no tiene por qu\u00e9 acabar necesariamente en consenso. S\u00ed que tiene que acabar en un momento determinado, reconoci\u00e9ndose mutuamente en las decisiones adoptadas, a\u00fan cuando no se est\u00e9 de acuerdo con todas ellas. Hemos mitificado demasiado las ideas de consenso y consenso\u00bb.<\/em><\/p>\n<p>&nbsp;<\/p>\n<p>Si nos basamos en la colaboraci\u00f3n, a trav\u00e9s de la inteligencia colectiva seremos capaces de hacer grandes cosas. La colaboraci\u00f3n es la base para la transformaci\u00f3n y para la transformaci\u00f3n colectiva es imprescindible la transformaci\u00f3n que comienza desde una misma. De todo ello hablaremos en el Encuentro que hemos organizado para el pr\u00f3ximo 6 de octubre en Arrasate bajo el lema: \u201cLa transformaci\u00f3n comienza en una misma\u201d donde conoceremos experiencias externas e indigaremos un viaje interno.<\/p>\n<p>\u00bfQuieres participar? Inscr\u00edbete en este <a href=\"http:\/\/www.eraldaketan.eus\/\">LINK<\/a>.<\/p>\n","protected":false},"excerpt":{"rendered":"<p>#ZalantzariLeihoBat (#UnaVentanaALaDuda) es el lema elegido para las jornadas \u00a0#EraldaketanGara, dentro del 25\u00aa aniversario que Emun celebra este 2022. En el marco de dichas jornadas, el pasado 16 de junio organizamos la segunda conferencia online denominada \u201cLa gobernanza de la colaboraci\u00f3n\u201d, en el cual fueron ponentes y part\u00edcipes las investigadoras y expertas Quim Brugu\u00e9, Goizalde [&hellip;]<\/p>\n","protected":false},"author":2,"featured_media":5748,"comment_status":"open","ping_status":"open","sticky":false,"template":"","format":"standard","meta":{"_acf_changed":false,"footnotes":""},"categories":[4],"tags":[294,285,234,298,300],"acf":[],"_links":{"self":[{"href":"https:\/\/www.emun.eus\/es\/wp-json\/wp\/v2\/posts\/5775"}],"collection":[{"href":"https:\/\/www.emun.eus\/es\/wp-json\/wp\/v2\/posts"}],"about":[{"href":"https:\/\/www.emun.eus\/es\/wp-json\/wp\/v2\/types\/post"}],"author":[{"embeddable":true,"href":"https:\/\/www.emun.eus\/es\/wp-json\/wp\/v2\/users\/2"}],"replies":[{"embeddable":true,"href":"https:\/\/www.emun.eus\/es\/wp-json\/wp\/v2\/comments?post=5775"}],"version-history":[{"count":9,"href":"https:\/\/www.emun.eus\/es\/wp-json\/wp\/v2\/posts\/5775\/revisions"}],"predecessor-version":[{"id":5804,"href":"https:\/\/www.emun.eus\/es\/wp-json\/wp\/v2\/posts\/5775\/revisions\/5804"}],"wp:featuredmedia":[{"embeddable":true,"href":"https:\/\/www.emun.eus\/es\/wp-json\/wp\/v2\/media\/5748"}],"wp:attachment":[{"href":"https:\/\/www.emun.eus\/es\/wp-json\/wp\/v2\/media?parent=5775"}],"wp:term":[{"taxonomy":"category","embeddable":true,"href":"https:\/\/www.emun.eus\/es\/wp-json\/wp\/v2\/categories?post=5775"},{"taxonomy":"post_tag","embeddable":true,"href":"https:\/\/www.emun.eus\/es\/wp-json\/wp\/v2\/tags?post=5775"}],"curies":[{"name":"wp","href":"https:\/\/api.w.org\/{rel}","templated":true}]}}