{"id":5784,"date":"2022-07-07T10:52:10","date_gmt":"2022-07-07T09:52:10","guid":{"rendered":"https:\/\/www.emun.eus\/blog\/2021eko-iraunkortasun-memoria\/"},"modified":"2022-09-01T15:24:01","modified_gmt":"2022-09-01T14:24:01","slug":"2021eko-iraunkortasun-memoria","status":"publish","type":"post","link":"https:\/\/www.emun.eus\/es\/blog\/2021eko-iraunkortasun-memoria\/","title":{"rendered":"Memoria de sostenbilidad del 2021"},"content":{"rendered":"<p>El pasado octubre la compa\u00f1era de Emun Aiora Filarmendi nos habl\u00f3 sobre<a href=\"https:\/\/www.emun.eus\/es\/blog\/iraunkortasun-txostenak-memoria-ez-finantzarioetatik-harago\/\"> las memorias de sostenibilidad<\/a>.<\/p>\n<p>Gracias a la confluencia de diferentes leyes o en ocasiones por propias exigencias internas, cada vez son m\u00e1s las entidades que en nuestro entorno elaboran memorias de sostenibilidad. En el art\u00edculo referenciado arriba habl\u00e1bamos de que nos encontramos en el momento de poner la sostenibilidad en el centro, de cuidar la econom\u00eda, las personas y el medio ambiente de forma equilibrada y sostenible. En Emun acompa\u00f1amos en ello a aquellas entidades a las que ofrecemos nuestros servicios, y al igual que con ellas, tambi\u00e9n hemos echado la vista al 2021 desde la persepctiva de la sostenibilidad.<\/p>\n<p>Aqu\u00ed abajo ten\u00e9is disponible la memoria de sostenibilidad de 2021 de Emun.<\/p>\n<div><\/div>\n<div><iframe class=\"fp-iframe\" style=\"border: 1px solid lightgray; width: 100%; height: 400px;\" src=\"https:\/\/heyzine.com\/flip-book\/d647f7aa25.html\" scrolling=\"no\" allowfullscreen=\"allowfullscreen\"><\/iframe><\/div>\n<div><\/div>\n","protected":false},"excerpt":{"rendered":"<p>El pasado octubre la compa\u00f1era de Emun Aiora Filarmendi nos habl\u00f3 sobre las memorias de sostenibilidad. Gracias a la confluencia de diferentes leyes o en ocasiones por propias exigencias internas, cada vez son m\u00e1s las entidades que en nuestro entorno elaboran memorias de sostenibilidad. En el art\u00edculo referenciado arriba habl\u00e1bamos de que nos encontramos en [&hellip;]<\/p>\n","protected":false},"author":2,"featured_media":5660,"comment_status":"open","ping_status":"open","sticky":false,"template":"","format":"standard","meta":{"_acf_changed":false,"footnotes":""},"categories":[4],"tags":[234,282,284,331],"acf":[],"_links":{"self":[{"href":"https:\/\/www.emun.eus\/es\/wp-json\/wp\/v2\/posts\/5784"}],"collection":[{"href":"https:\/\/www.emun.eus\/es\/wp-json\/wp\/v2\/posts"}],"about":[{"href":"https:\/\/www.emun.eus\/es\/wp-json\/wp\/v2\/types\/post"}],"author":[{"embeddable":true,"href":"https:\/\/www.emun.eus\/es\/wp-json\/wp\/v2\/users\/2"}],"replies":[{"embeddable":true,"href":"https:\/\/www.emun.eus\/es\/wp-json\/wp\/v2\/comments?post=5784"}],"version-history":[{"count":2,"href":"https:\/\/www.emun.eus\/es\/wp-json\/wp\/v2\/posts\/5784\/revisions"}],"predecessor-version":[{"id":5787,"href":"https:\/\/www.emun.eus\/es\/wp-json\/wp\/v2\/posts\/5784\/revisions\/5787"}],"wp:featuredmedia":[{"embeddable":true,"href":"https:\/\/www.emun.eus\/es\/wp-json\/wp\/v2\/media\/5660"}],"wp:attachment":[{"href":"https:\/\/www.emun.eus\/es\/wp-json\/wp\/v2\/media?parent=5784"}],"wp:term":[{"taxonomy":"category","embeddable":true,"href":"https:\/\/www.emun.eus\/es\/wp-json\/wp\/v2\/categories?post=5784"},{"taxonomy":"post_tag","embeddable":true,"href":"https:\/\/www.emun.eus\/es\/wp-json\/wp\/v2\/tags?post=5784"}],"curies":[{"name":"wp","href":"https:\/\/api.w.org\/{rel}","templated":true}]}}