{"id":5988,"date":"2023-01-02T12:59:27","date_gmt":"2023-01-02T11:59:27","guid":{"rendered":"https:\/\/www.emun.eus\/?p=5988"},"modified":"2023-01-09T13:25:50","modified_gmt":"2023-01-09T12:25:50","slug":"emunen-historia-ilustratua-elkarlanean","status":"publish","type":"post","link":"https:\/\/www.emun.eus\/es\/blog\/emunen-historia-ilustratua-elkarlanean\/","title":{"rendered":"La historia ilustrada de Emun, un trabajo colaborativo"},"content":{"rendered":"<p><img loading=\"lazy\" decoding=\"async\" class=\" wp-image-6004 alignleft\" src=\"https:\/\/www.emun.eus\/wp-content\/uploads\/2022\/11\/Emun25-Liburuxka-Mockup-3-300x206.jpg\" alt=\"\" width=\"342\" height=\"235\" srcset=\"https:\/\/www.emun.eus\/wp-content\/uploads\/2022\/11\/Emun25-Liburuxka-Mockup-3-300x206.jpg 300w, https:\/\/www.emun.eus\/wp-content\/uploads\/2022\/11\/Emun25-Liburuxka-Mockup-3-1024x703.jpg 1024w, https:\/\/www.emun.eus\/wp-content\/uploads\/2022\/11\/Emun25-Liburuxka-Mockup-3-768x527.jpg 768w, https:\/\/www.emun.eus\/wp-content\/uploads\/2022\/11\/Emun25-Liburuxka-Mockup-3.jpg 1500w\" sizes=\"(max-width: 342px) 100vw, 342px\" \/><\/p>\n<p>En colaboraci\u00f3n con las ilustradoras Ainara Azpiazu \u00abAxpi\u00bb, Irati Eguren y Paula Est\u00e9vez, del colectivo Tupust, hemos recogido en un libro ilustrado la trayectoria de estos 25 a\u00f1os de Emun. Un trabajo que, m\u00e1s all\u00e1 de reflejar la mera cronolog\u00eda de estos a\u00f1os, pretende contar qui\u00e9nes somos y c\u00f3mo trabajamos en Emun.<\/p>\n<p>Las im\u00e1genes completan una historia contada por palabras y las ilustradoras han llevado a cabo un trabajo colectivo, poni\u00e9ndole forma, cuerpo y color a la voz de Emun. Un trabajo en equipo, en el que se aprecia la mano de cada ilustradora en los trazos, formas y dibujos propios y a la vez, guarda un hilo com\u00fan que entrelaza todas ellas.<\/p>\n<p>Este ha sido el resultado de un ejercicio colectivo y tal y como dec\u00edamos en el acto de aniversario de Emun, es la historia de un grupo de personas que se prepar\u00f3 para responder a un sue\u00f1o de pa\u00eds y que ahora hemos recogido en palabras e im\u00e1genes. El libro fue presentado en el acto de aniversario del pasado 6 de octubre y como dec\u00edamos entonces:<\/p>\n<p><em><strong>\u00abUna organizaci\u00f3n que se cre\u00f3 para la transformaci\u00f3n se basa en la propia transformaci\u00f3n. Para poder influir en el exterior, la transformaci\u00f3n tiene que comenzar desde dentro. Emun ha llegado en pleno movimiento a cumplir un cuarto de siglo. Emun est\u00e1 conformada por las huellas que han dejado todas las personas que han pasado por ella, por las y los emunkides, y todas aquellas personas, clientes, aliadas, que nos han acompa\u00f1ado en este a\u00f1os. Emun la forman las personas, la disposici\u00f3n a adaptarse a los nuevos retos, las ganas de aprender cosas nuevas, de descubrir lo desconocido. Como el agua que mueve un canto rodado, son el trabajo y los nuevos retos los que mueven a Emun. Somos un continuo movimiento, una constante transformaci\u00f3n. Emun se cre\u00f3 para la transformaci\u00f3n, sigue en transformaci\u00f3n\u00bb.<\/strong><\/em><\/p>\n<p>Este libro es un respiro en el recorrido de un cuarto de siglo, para seguir recorriendo el camino hacia el futuro, compartido con la sociedad, nuestros clientes y el resto de agentes e instituciones que nos acompa\u00f1an d\u00eda a d\u00eda.<\/p>\n<p>&nbsp;<\/p>\n<p><img loading=\"lazy\" decoding=\"async\" class=\"size-medium wp-image-5886 alignnone\" src=\"https:\/\/www.emun.eus\/wp-content\/uploads\/2022\/11\/axpi2-231x300.jpg\" alt=\"\" width=\"231\" height=\"300\" srcset=\"https:\/\/www.emun.eus\/wp-content\/uploads\/2022\/11\/axpi2-231x300.jpg 231w, https:\/\/www.emun.eus\/wp-content\/uploads\/2022\/11\/axpi2.jpg 364w\" sizes=\"(max-width: 231px) 100vw, 231px\" \/>\u00a0 \u00a0 \u00a0 \u00a0 \u00a0 \u00a0 \u00a0 \u00a0 \u00a0 \u00a0 \u00a0 \u00a0 \u00a0 \u00a0<img loading=\"lazy\" decoding=\"async\" class=\"size-medium wp-image-5882 alignnone\" src=\"https:\/\/www.emun.eus\/wp-content\/uploads\/2022\/11\/irati-232x300.jpg\" alt=\"\" width=\"232\" height=\"300\" srcset=\"https:\/\/www.emun.eus\/wp-content\/uploads\/2022\/11\/irati-232x300.jpg 232w, https:\/\/www.emun.eus\/wp-content\/uploads\/2022\/11\/irati.jpg 365w\" sizes=\"(max-width: 232px) 100vw, 232px\" \/>\u00a0 \u00a0 \u00a0 \u00a0 \u00a0 \u00a0 \u00a0 \u00a0 \u00a0 \u00a0 \u00a0 \u00a0 <strong><em><img loading=\"lazy\" decoding=\"async\" class=\"size-medium wp-image-5861 alignnone\" src=\"https:\/\/www.emun.eus\/wp-content\/uploads\/2022\/11\/2-225x300.jpg\" alt=\"\" width=\"225\" height=\"300\" srcset=\"https:\/\/www.emun.eus\/wp-content\/uploads\/2022\/11\/2-225x300.jpg 225w, https:\/\/www.emun.eus\/wp-content\/uploads\/2022\/11\/2-768x1024.jpg 768w, https:\/\/www.emun.eus\/wp-content\/uploads\/2022\/11\/2-1152x1536.jpg 1152w, https:\/\/www.emun.eus\/wp-content\/uploads\/2022\/11\/2-1536x2048.jpg 1536w, https:\/\/www.emun.eus\/wp-content\/uploads\/2022\/11\/2.jpg 1668w\" sizes=\"(max-width: 225px) 100vw, 225px\" \/><\/em><\/strong><\/p>\n<p>&nbsp;<\/p>\n<p style=\"text-align: center;\">Errekarri baten istorioa, Emunen historia. Emun Gara, Eraldaketan Gara (1997-2022)<\/p>\n<p>&nbsp;<\/p>\n<p>&nbsp;<\/p>\n<p>&nbsp;<\/p>\n<p>&nbsp;<\/p>\n","protected":false},"excerpt":{"rendered":"<p>En colaboraci\u00f3n con las ilustradoras Ainara Azpiazu \u00abAxpi\u00bb, Irati Eguren y Paula Est\u00e9vez, del colectivo Tupust, hemos recogido en un libro ilustrado la trayectoria de estos 25 a\u00f1os de Emun. Un trabajo que, m\u00e1s all\u00e1 de reflejar la mera cronolog\u00eda de estos a\u00f1os, pretende contar qui\u00e9nes somos y c\u00f3mo trabajamos en Emun. Las im\u00e1genes completan [&hellip;]<\/p>\n","protected":false},"author":2,"featured_media":5999,"comment_status":"open","ping_status":"open","sticky":false,"template":"","format":"standard","meta":{"_acf_changed":false,"footnotes":""},"categories":[4],"tags":[],"acf":[],"_links":{"self":[{"href":"https:\/\/www.emun.eus\/es\/wp-json\/wp\/v2\/posts\/5988"}],"collection":[{"href":"https:\/\/www.emun.eus\/es\/wp-json\/wp\/v2\/posts"}],"about":[{"href":"https:\/\/www.emun.eus\/es\/wp-json\/wp\/v2\/types\/post"}],"author":[{"embeddable":true,"href":"https:\/\/www.emun.eus\/es\/wp-json\/wp\/v2\/users\/2"}],"replies":[{"embeddable":true,"href":"https:\/\/www.emun.eus\/es\/wp-json\/wp\/v2\/comments?post=5988"}],"version-history":[{"count":14,"href":"https:\/\/www.emun.eus\/es\/wp-json\/wp\/v2\/posts\/5988\/revisions"}],"predecessor-version":[{"id":6398,"href":"https:\/\/www.emun.eus\/es\/wp-json\/wp\/v2\/posts\/5988\/revisions\/6398"}],"wp:featuredmedia":[{"embeddable":true,"href":"https:\/\/www.emun.eus\/es\/wp-json\/wp\/v2\/media\/5999"}],"wp:attachment":[{"href":"https:\/\/www.emun.eus\/es\/wp-json\/wp\/v2\/media?parent=5988"}],"wp:term":[{"taxonomy":"category","embeddable":true,"href":"https:\/\/www.emun.eus\/es\/wp-json\/wp\/v2\/categories?post=5988"},{"taxonomy":"post_tag","embeddable":true,"href":"https:\/\/www.emun.eus\/es\/wp-json\/wp\/v2\/tags?post=5988"}],"curies":[{"name":"wp","href":"https:\/\/api.w.org\/{rel}","templated":true}]}}