{"id":6562,"date":"2023-04-17T10:44:14","date_gmt":"2023-04-17T09:44:14","guid":{"rendered":"https:\/\/www.emun.eus\/blog\/euskara-planak-lehiakortasunerako-palanka\/"},"modified":"2024-01-03T11:39:32","modified_gmt":"2024-01-03T10:39:32","slug":"euskara-planak-lehiakortasunerako-palanka","status":"publish","type":"post","link":"https:\/\/www.emun.eus\/es\/blog\/euskara-planak-lehiakortasunerako-palanka\/","title":{"rendered":"Planes de euskera, palanca para la competitividad?"},"content":{"rendered":"<p>Esta es la gran pregunta de una de las investigaciones que iniciamos el a\u00f1o pasado en Emun: <strong>\u00bfSon los planes de euskera una palanca para la competitividad?<\/strong><\/p>\n<p>El punto de partida de esta investigaci\u00f3n viene de lejos. La intuici\u00f3n nos dice que muchas de las empresas que han puesto en marcha un plan de euskera no s\u00f3lo han dado pasos significativos en su uso, sino que indirectamente han conseguido otros objetivos como la participaci\u00f3n, la cohesi\u00f3n, la comunicaci\u00f3n&#8230;<\/p>\n<p>El objetivo principal del estudio es <em>analizar y experimentar las posibilidades de incrementar los beneficios del plan de euskera en la competitividad de la empresa.<\/em><\/p>\n<p>Para abordar este objetivo, hemos definido cuatro fases principales:<\/p>\n<p><strong><img loading=\"lazy\" decoding=\"async\" class=\"wp-image-6723 alignleft\" src=\"https:\/\/www.emun.eus\/wp-content\/uploads\/2023\/04\/39_berrikuntza-ideia-sormena-1-300x300.jpg\" alt=\"\" width=\"231\" height=\"231\" srcset=\"https:\/\/www.emun.eus\/wp-content\/uploads\/2023\/04\/39_berrikuntza-ideia-sormena-1-300x300.jpg 300w, https:\/\/www.emun.eus\/wp-content\/uploads\/2023\/04\/39_berrikuntza-ideia-sormena-1-768x768.jpg 768w, https:\/\/www.emun.eus\/wp-content\/uploads\/2023\/04\/39_berrikuntza-ideia-sormena-1-410x410.jpg 410w, https:\/\/www.emun.eus\/wp-content\/uploads\/2023\/04\/39_berrikuntza-ideia-sormena-1.jpg 834w\" sizes=\"(max-width: 231px) 100vw, 231px\" \/>Fase de conceptualizaci\u00f3n, <\/strong>durante el 2022 se abordaron principalmente tres cuestiones:<\/p>\n<ul>\n<li>Desarrollo del concepto de competitividad en los \u00faltimos 20 a\u00f1os.<\/li>\n<li>Evoluci\u00f3n de los planes de euskera.<\/li>\n<li>Aportaciones de los planes de euskera a la competitividad de la empresa.<\/li>\n<\/ul>\n<p>A medida que hemos avanzado en el proyecto de investigaci\u00f3n hemos conseguido m\u00e1s aliados en el camino. Y es que, dado que buscamos la transformaci\u00f3n a trav\u00e9s de los planes de euskera, es fundamental que la investigaci\u00f3n se realice en colaboraci\u00f3n con quienes trabajan en el impulso del euskera en el mundo empresarial. A principios del 2023, cuatro empresas con las que trabaja Emun se han unido al proyecto: <strong>Danobat, Eika, Fagor Electr\u00f3nica<\/strong> e <strong>Ikerlan <\/strong>y en dichas entidades realizaremos la elaboraci\u00f3n de las siguientes fases.<\/p>\n<p>En estos momentos estamos muy centrados en la <strong>fase de diagn\u00f3stico.<\/strong> En esta fase queremos conocer la contribuci\u00f3n de los planes de euskera a la competitividad. Para ello hemos realizado un an\u00e1lisis documental, entrevistas en profundidad y grupos de contraste. En la fase de diagn\u00f3stico se detallar\u00e1 la aportaci\u00f3n d<\/p>\n<p><img loading=\"lazy\" decoding=\"async\" class=\"wp-image-6728 alignright\" src=\"https:\/\/www.emun.eus\/wp-content\/uploads\/2023\/04\/54_erramintak-tresnak-1-300x300.jpg\" alt=\"\" width=\"263\" height=\"263\" srcset=\"https:\/\/www.emun.eus\/wp-content\/uploads\/2023\/04\/54_erramintak-tresnak-1-300x300.jpg 300w, https:\/\/www.emun.eus\/wp-content\/uploads\/2023\/04\/54_erramintak-tresnak-1-410x410.jpg 410w, https:\/\/www.emun.eus\/wp-content\/uploads\/2023\/04\/54_erramintak-tresnak-1.jpg 626w\" sizes=\"(max-width: 263px) 100vw, 263px\" \/><\/p>\n<p>el plan de euskera de cada empresa a la propia competitividad.<\/p>\n<p>En la <strong>fase de experimentaci\u00f3n<\/strong> responderemos a la siguiente pregunta:<\/p>\n<p><em>\u00bfQu\u00e9 debemos hacer diferente para aportar m\u00e1s a nuestra empresa en el\u00a0<\/em><em>plan de euskera?<\/em> Cada empresa, teniendo en cuenta su contexto y realidad, definir\u00e1 un reto concreto, dise\u00f1ar\u00e1 y pondr\u00e1 en marcha una intervenci\u00f3n para incidir en \u00e9l. Esta fase de experimentaci\u00f3n se pronolongar\u00e1 hasta finales del 2023.<\/p>\n<p>La investigaci\u00f3n concluir\u00e1 con la <strong>fase de modelizaci\u00f3n.<\/strong> Una vez sistematizadas las intervenciones, se estudiar\u00e1 las conclusiones generales alcanzadas y se teorizar\u00e1 en torno a \u00e9stas. Ser\u00e1 en esta fase donde se identifiquen las l\u00edneas de actuaci\u00f3n y propuestas trasladables a otros \u00e1mbitos o entidades.<\/p>\n<p><img loading=\"lazy\" decoding=\"async\" class=\"wp-image-6732 alignleft\" src=\"https:\/\/www.emun.eus\/wp-content\/uploads\/2023\/04\/16_bisioa-1-300x300.jpg\" alt=\"\" width=\"178\" height=\"178\" srcset=\"https:\/\/www.emun.eus\/wp-content\/uploads\/2023\/04\/16_bisioa-1-300x300.jpg 300w, https:\/\/www.emun.eus\/wp-content\/uploads\/2023\/04\/16_bisioa-1-410x410.jpg 410w, https:\/\/www.emun.eus\/wp-content\/uploads\/2023\/04\/16_bisioa-1.jpg 626w\" sizes=\"(max-width: 178px) 100vw, 178px\" \/>Esta investigaci\u00f3n parte de unas intuiciones iniciales que confiamos se confirmen durante su desarrollo, y a su vez, esperamos que sirva para abrir nuevas l\u00edneas de investigaci\u00f3n e inspire nuevas ideas. Pero sobre todo, quisi\u00e9ramos que este proyecto contruibuya a socializar el camino que los planes de euskera han recorrido en estas \u00faltimas d\u00e9cadas y ayude a conectar m\u00e1s y mejor con los retos actuales de las empresas.<\/p>\n","protected":false},"excerpt":{"rendered":"<p>Esta es la gran pregunta de una de las investigaciones que iniciamos el a\u00f1o pasado en Emun: \u00bfSon los planes de euskera una palanca para la competitividad? El punto de partida de esta investigaci\u00f3n viene de lejos. La intuici\u00f3n nos dice que muchas de las empresas que han puesto en marcha un plan de euskera [&hellip;]<\/p>\n","protected":false},"author":2,"featured_media":6557,"comment_status":"open","ping_status":"open","sticky":false,"template":"","format":"standard","meta":{"_acf_changed":false,"footnotes":""},"categories":[4],"tags":[267,166,325],"acf":[],"_links":{"self":[{"href":"https:\/\/www.emun.eus\/es\/wp-json\/wp\/v2\/posts\/6562"}],"collection":[{"href":"https:\/\/www.emun.eus\/es\/wp-json\/wp\/v2\/posts"}],"about":[{"href":"https:\/\/www.emun.eus\/es\/wp-json\/wp\/v2\/types\/post"}],"author":[{"embeddable":true,"href":"https:\/\/www.emun.eus\/es\/wp-json\/wp\/v2\/users\/2"}],"replies":[{"embeddable":true,"href":"https:\/\/www.emun.eus\/es\/wp-json\/wp\/v2\/comments?post=6562"}],"version-history":[{"count":11,"href":"https:\/\/www.emun.eus\/es\/wp-json\/wp\/v2\/posts\/6562\/revisions"}],"predecessor-version":[{"id":6742,"href":"https:\/\/www.emun.eus\/es\/wp-json\/wp\/v2\/posts\/6562\/revisions\/6742"}],"wp:featuredmedia":[{"embeddable":true,"href":"https:\/\/www.emun.eus\/es\/wp-json\/wp\/v2\/media\/6557"}],"wp:attachment":[{"href":"https:\/\/www.emun.eus\/es\/wp-json\/wp\/v2\/media?parent=6562"}],"wp:term":[{"taxonomy":"category","embeddable":true,"href":"https:\/\/www.emun.eus\/es\/wp-json\/wp\/v2\/categories?post=6562"},{"taxonomy":"post_tag","embeddable":true,"href":"https:\/\/www.emun.eus\/es\/wp-json\/wp\/v2\/tags?post=6562"}],"curies":[{"name":"wp","href":"https:\/\/api.w.org\/{rel}","templated":true}]}}